{"id":1078,"date":"2022-05-04T23:11:00","date_gmt":"2022-05-04T21:11:00","guid":{"rendered":"https:\/\/meetinginternationaldeforbach.fr\/WP3\/?p=1078"},"modified":"2024-07-23T23:12:52","modified_gmt":"2024-07-23T21:12:52","slug":"le-meeting-international-dathletisme-de-retour-le-dimanche-29-mai-a-forbach","status":"publish","type":"post","link":"https:\/\/meetinginternationaldeforbach.fr\/WP3\/le-meeting-international-dathletisme-de-retour-le-dimanche-29-mai-a-forbach\/","title":{"rendered":"Le meeting international d\u2019athl\u00e9tisme de retour le dimanche 29\u00a0mai\u00a0\u00e0 Forbach"},"content":{"rendered":"\n<h1 class=\"wp-block-heading\"><\/h1>\n\n\n\n<p>Annul\u00e9 deux ann\u00e9es de suite, le meeting international d\u2019athl\u00e9tisme de Forbach fait son retour ce dimanche 29\u00a0mai au stade du Schlossberg. Le rendez-vous sportif est un incontournable de la saison et r\u00e9unit chaque ann\u00e9e parmi les meilleurs athl\u00e8tes du monde.<\/p>\n\n\n\n<p>Les amateurs d\u2019athl\u00e9tisme peuvent se r\u00e9jouir&nbsp;!&nbsp;<a href=\"https:\/\/www.estrepublicain.fr\/sport\/2021\/04\/04\/le-meeting-international-de-forbach-annule\" target=\"_blank\" rel=\"noreferrer noopener\">Annul\u00e9 deux ann\u00e9es de suite pour cause de Covid<\/a>&nbsp;, le tr\u00e8s relev\u00e9 meeting de Forbach fait son grand retour ce dimanche 29&nbsp;mai au stade du Schlossberg, de 13&nbsp;h&nbsp;30 \u00e0 17&nbsp;h. \u00ab&nbsp;Nous sommes vraiment heureux de renouer avec cet \u00e9v\u00e9nement, savoure le directeur du meeting&nbsp;<a href=\"https:\/\/www.republicain-lorrain.fr\/culture-loisirs\/2022\/01\/11\/meeting-de-forbach-et-paris-2024-les-ambitions-de-l-usf-athletisme\" target=\"_blank\" rel=\"noreferrer noopener\">Pascal Schuler, pr\u00e9sident de l\u2019US Forbach athl\u00e9tisme<\/a>. Apr\u00e8s une absence de deux ans, il s\u2019agira de la 30<sup>e&nbsp;<\/sup>\u00e9dition et on est plus motiv\u00e9 que jamais \u00e0 faire revivre notre meeting.&nbsp;\u00bb<\/p>\n\n\n\n<p>Depuis sa cr\u00e9ation, le rendez-vous sportif de l\u2019est-mosellan a su se placer comme un incontournable de la saison estivale, \u00e0 la sortie des \u00e9preuves en salle, et attire chaque ann\u00e9e des athl\u00e8tes r\u00e9gionaux, nationaux et internationaux,&nbsp;<a href=\"https:\/\/www.republicain-lorrain.fr\/edition-de-forbach\/2019\/05\/22\/meeting-d-athletisme-revelateur-de-champions\" target=\"_blank\" rel=\"noreferrer noopener\">parmi les meilleurs du monde<\/a>.<\/p>\n\n\n\n<h2 class=\"wp-block-heading\">Une start-list de qualit\u00e9<\/h2>\n\n\n\n<p>Sous l\u2019impulsion du club forbachois, le meeting propose&nbsp;<a href=\"https:\/\/www.republicain-lorrain.fr\/edition-de-forbach\/2019\/05\/05\/meeting-d-athle-du-lourd-au-lancer-du-marteau\" target=\"_blank\" rel=\"noreferrer noopener\">une start-list de qualit\u00e9<\/a>&nbsp;et cette ann\u00e9e ne fait pas exception. Parmi les noms d\u00e9j\u00e0 connus&nbsp;:&nbsp;<a href=\"https:\/\/www.republicain-lorrain.fr\/edition-de-forbach\/2019\/05\/26\/video-meeting-de-forbach-80-03-m-meilleure-performance-mondiale-de-l-annee-au-lancer-du-marteau-pour-le-polonais-fajdek\" target=\"_blank\" rel=\"noreferrer noopener\">le Polonais Wojciech Nowicki<\/a>&nbsp;, champion olympique du lancer de marteau ainsi que la Fran\u00e7aise&nbsp;<a href=\"https:\/\/www.republicain-lorrain.fr\/sports\/2018\/08\/12\/alexandra-tavernier-vice-championne-d-europe-du-marteau\" target=\"_blank\" rel=\"noreferrer noopener\">Alexandra Tavernier<\/a>. \u00ab&nbsp;\u00c0 la perche, on sera aussi sur un excellent niveau&nbsp;\u00bb, note Pascal Schuler, m\u00eame si&nbsp;<a href=\"https:\/\/www.republicain-lorrain.fr\/sport\/2020\/09\/12\/perche-renaud-lavillenie-domine-son-frere-valentin\" target=\"_blank\" rel=\"noreferrer noopener\">les fr\u00e8res Renaud et Valentin Lavillenie<\/a>&nbsp;devraient \u00eatre absents.<\/p>\n\n\n\n<h2 class=\"wp-block-heading\">La p\u00e9pite locale, Marie-Ange Rimlinger, sera l\u00e0<\/h2>\n\n\n\n<p>Au 100&nbsp;m,&nbsp;<a href=\"https:\/\/www.republicain-lorrain.fr\/sport\/2021\/06\/03\/marie-ange-rimlinger-assure-des-la-rentree\" target=\"_blank\" rel=\"noreferrer noopener\">Marie-Ange Rimlinger, la p\u00e9pite locale<\/a>&nbsp;, sera notamment sur la ligne de d\u00e9part. Les performances et le spectacle devraient \u00eatre de la partie. \u00ab&nbsp;On esp\u00e8re que le public sera aussi au rendez-vous, m\u00eame en cette p\u00e9riode post-Covid&nbsp;!&nbsp;\u00bb, glisse Pascal Schuler. G\u00e9n\u00e9ralement, pr\u00e8s de 3&nbsp;000 personnes assistent au meeting,&nbsp;<a href=\"https:\/\/www.republicain-lorrain.fr\/edition-de-forbach\/2019\/05\/27\/cette-proximite-avec-les-athletes-c-est-fou\" target=\"_blank\" rel=\"noreferrer noopener\">preuve d\u2019un fort engouement populaire<\/a>&nbsp;autour des diff\u00e9rentes disciplines. Le rendez-vous est donc donn\u00e9 le 29&nbsp;mai, \u00e0 13&nbsp;h&nbsp;30, au stade du Schlossberg&nbsp;!<\/p>\n\n\n\n<figure class=\"wp-block-image size-full\"><img fetchpriority=\"high\" decoding=\"async\" width=\"1000\" height=\"500\" src=\"https:\/\/meetinginternationaldeforbach.fr\/WP3\/wp-content\/uploads\/2024\/07\/le-meeting-international-d-athletisme-aura-lieu-le-dimanche-29-mai-de-13-h-30-a-17-h-au-stade-du-schlossberg-de-forbach-photo-archives-rl-raphael-porte-1651590128.jpg\" alt=\"\" class=\"wp-image-1079\" srcset=\"https:\/\/meetinginternationaldeforbach.fr\/WP3\/wp-content\/uploads\/2024\/07\/le-meeting-international-d-athletisme-aura-lieu-le-dimanche-29-mai-de-13-h-30-a-17-h-au-stade-du-schlossberg-de-forbach-photo-archives-rl-raphael-porte-1651590128.jpg 1000w, https:\/\/meetinginternationaldeforbach.fr\/WP3\/wp-content\/uploads\/2024\/07\/le-meeting-international-d-athletisme-aura-lieu-le-dimanche-29-mai-de-13-h-30-a-17-h-au-stade-du-schlossberg-de-forbach-photo-archives-rl-raphael-porte-1651590128-300x150.jpg 300w, https:\/\/meetinginternationaldeforbach.fr\/WP3\/wp-content\/uploads\/2024\/07\/le-meeting-international-d-athletisme-aura-lieu-le-dimanche-29-mai-de-13-h-30-a-17-h-au-stade-du-schlossberg-de-forbach-photo-archives-rl-raphael-porte-1651590128-768x384.jpg 768w\" sizes=\"(max-width: 1000px) 100vw, 1000px\" \/><\/figure>\n","protected":false},"excerpt":{"rendered":"<p>Annul\u00e9 deux ann\u00e9es de suite, le meeting international d\u2019athl\u00e9tisme de Forbach fait son retour ce dimanche 29\u00a0mai au stade du Schlossberg. Le rendez-vous sportif est un incontournable de la saison et r\u00e9unit chaque ann\u00e9e parmi les meilleurs athl\u00e8tes du monde. Les amateurs d\u2019athl\u00e9tisme peuvent se r\u00e9jouir&nbsp;!&nbsp;Annul\u00e9 deux ann\u00e9es de suite pour cause de Covid&nbsp;, le [&hellip;]<\/p>\n","protected":false},"author":2,"featured_media":0,"comment_status":"closed","ping_status":"closed","sticky":false,"template":"","format":"standard","meta":{"footnotes":""},"categories":[8],"tags":[],"class_list":["post-1078","post","type-post","status-publish","format-standard","hentry","category-blog-meeting-forbach"],"_links":{"self":[{"href":"https:\/\/meetinginternationaldeforbach.fr\/WP3\/wp-json\/wp\/v2\/posts\/1078","targetHints":{"allow":["GET"]}}],"collection":[{"href":"https:\/\/meetinginternationaldeforbach.fr\/WP3\/wp-json\/wp\/v2\/posts"}],"about":[{"href":"https:\/\/meetinginternationaldeforbach.fr\/WP3\/wp-json\/wp\/v2\/types\/post"}],"author":[{"embeddable":true,"href":"https:\/\/meetinginternationaldeforbach.fr\/WP3\/wp-json\/wp\/v2\/users\/2"}],"replies":[{"embeddable":true,"href":"https:\/\/meetinginternationaldeforbach.fr\/WP3\/wp-json\/wp\/v2\/comments?post=1078"}],"version-history":[{"count":1,"href":"https:\/\/meetinginternationaldeforbach.fr\/WP3\/wp-json\/wp\/v2\/posts\/1078\/revisions"}],"predecessor-version":[{"id":1080,"href":"https:\/\/meetinginternationaldeforbach.fr\/WP3\/wp-json\/wp\/v2\/posts\/1078\/revisions\/1080"}],"wp:attachment":[{"href":"https:\/\/meetinginternationaldeforbach.fr\/WP3\/wp-json\/wp\/v2\/media?parent=1078"}],"wp:term":[{"taxonomy":"category","embeddable":true,"href":"https:\/\/meetinginternationaldeforbach.fr\/WP3\/wp-json\/wp\/v2\/categories?post=1078"},{"taxonomy":"post_tag","embeddable":true,"href":"https:\/\/meetinginternationaldeforbach.fr\/WP3\/wp-json\/wp\/v2\/tags?post=1078"}],"curies":[{"name":"wp","href":"https:\/\/api.w.org\/{rel}","templated":true}]}}