{"id":1096,"date":"2023-05-27T23:20:00","date_gmt":"2023-05-27T21:20:00","guid":{"rendered":"https:\/\/meetinginternationaldeforbach.fr\/WP3\/?p=1096"},"modified":"2024-07-23T23:21:41","modified_gmt":"2024-07-23T21:21:41","slug":"les-petites-mains-du-meeting-international-dathletisme-de-forbach","status":"publish","type":"post","link":"https:\/\/meetinginternationaldeforbach.fr\/WP3\/les-petites-mains-du-meeting-international-dathletisme-de-forbach\/","title":{"rendered":"Les petites mains du meeting international d\u2019athl\u00e9tisme de Forbach"},"content":{"rendered":"\n<p>Durant les jours qui pr\u00e9c\u00e8dent le meeting international de Forbach (ce dimanche 28\u00a0mai), salari\u00e9s et b\u00e9n\u00e9voles de l\u2019USF athl\u00e9tisme s\u2019activent pour pr\u00e9parer le stade du Schlossberg et aller chercher les athl\u00e8tes \u00e0 l\u2019a\u00e9roport. Une organisation bien rod\u00e9e pour un \u00e9v\u00e9nement d\u2019envergure. Ambiance.<br><\/p>\n\n\n\n<figure class=\"wp-block-image size-full\"><img fetchpriority=\"high\" decoding=\"async\" width=\"1000\" height=\"500\" src=\"https:\/\/meetinginternationaldeforbach.fr\/WP3\/wp-content\/uploads\/2024\/07\/avant-d-aller-chercher-les-athletes-a-l-aeroport-les-benevoles-installent-aussi-les-differents-equipements-sur-le-stade-photo-rl-gaelle-krahenbuhl-1685119966.jpg\" alt=\"\" class=\"wp-image-1097\" srcset=\"https:\/\/meetinginternationaldeforbach.fr\/WP3\/wp-content\/uploads\/2024\/07\/avant-d-aller-chercher-les-athletes-a-l-aeroport-les-benevoles-installent-aussi-les-differents-equipements-sur-le-stade-photo-rl-gaelle-krahenbuhl-1685119966.jpg 1000w, https:\/\/meetinginternationaldeforbach.fr\/WP3\/wp-content\/uploads\/2024\/07\/avant-d-aller-chercher-les-athletes-a-l-aeroport-les-benevoles-installent-aussi-les-differents-equipements-sur-le-stade-photo-rl-gaelle-krahenbuhl-1685119966-300x150.jpg 300w, https:\/\/meetinginternationaldeforbach.fr\/WP3\/wp-content\/uploads\/2024\/07\/avant-d-aller-chercher-les-athletes-a-l-aeroport-les-benevoles-installent-aussi-les-differents-equipements-sur-le-stade-photo-rl-gaelle-krahenbuhl-1685119966-768x384.jpg 768w\" sizes=\"(max-width: 1000px) 100vw, 1000px\" \/><\/figure>\n\n\n\n<p>Ce dimanche 28&nbsp;mai, d\u00e8s 13&nbsp;h&nbsp;30, le stade du Schlossberg accueillera&nbsp;<a href=\"https:\/\/www.republicain-lorrain.fr\/sport\/2023\/05\/25\/fajdek-belhocian-lemaitre-et-lavillenie-un-tres-beau-plateau-au-meeting-de-forbach\" target=\"_blank\" rel=\"noreferrer noopener\">un superbe plateau d\u2019athl\u00e8tes<\/a>&nbsp;, pour&nbsp;<a href=\"https:\/\/www.republicain-lorrain.fr\/culture-loisirs\/2023\/05\/10\/la-31e-edition-du-meeting-international-d-athletisme-aura-lieu-le-28-mai-au-schlossberg\" target=\"_blank\" rel=\"noreferrer noopener\">la 31e \u00e9dition<\/a>&nbsp;du meeting international de Forbach, organis\u00e9 par&nbsp;<a href=\"https:\/\/www.republicain-lorrain.fr\/sport\/2023\/05\/26\/marie-ange-rimlinger-avant-le-meeting-de-forbach-aller-chercher-la-premiere-place-devant-mon-public\" target=\"_blank\" rel=\"noreferrer noopener\">l\u2019USF athl\u00e9tisme<\/a>. Une organisation impossible sans l\u2019engagement pr\u00e9cieux des salari\u00e9s et b\u00e9n\u00e9voles du club, qui, en coulisses, s\u2019activent depuis des semaines pour assurer la logistique. \ufeff<\/p>\n\n\n\n<h2 class=\"wp-block-heading\">\u00ab&nbsp;On a toujours un petit stress&nbsp;\u00bb<\/h2>\n\n\n\n<p>Le travail ne manque pas. Il s\u2019agit de pr\u00e9parer les \u00e9quipements du stade, caler l\u2019arriv\u00e9e des athl\u00e8tes depuis les a\u00e9roports, s\u2019occuper de la communication pour attirer le public le jour J. \u00ab&nbsp;C\u2019est la 31e \u00e9dition, alors on est bien rod\u00e9&nbsp;\u00bb, confie&nbsp;<a href=\"https:\/\/www.republicain-lorrain.fr\/culture-loisirs\/2022\/01\/11\/meeting-de-forbach-et-paris-2024-les-ambitions-de-l-usf-athletisme\" target=\"_blank\" rel=\"noreferrer noopener\">Pascal Schuler<\/a>&nbsp;, pr\u00e9sident de l\u2019USF athl\u00e9tisme et directeur du meeting. \u00ab&nbsp;Mais les quelques jours qui pr\u00e9c\u00e8dent, on a toujours un petit stress. Il y a beaucoup de param\u00e8tres \u00e0 g\u00e9rer&nbsp;!&nbsp;\u00bb Et ici, les b\u00e9n\u00e9voles ne m\u00e9nagent pas leurs efforts. Car si le meeting a&nbsp;<a href=\"https:\/\/www.republicain-lorrain.fr\/sport\/2022\/05\/29\/forbach-le-meeting-international-a-retrouve-ses-athletes-et-son-public\" target=\"_blank\" rel=\"noreferrer noopener\">la r\u00e9putation d\u2019une comp\u00e9tition sportive relev\u00e9e<\/a>&nbsp;, il conserve aussi l\u2019image d\u2019un rendez-vous familial et chaleureux, accueillant et populaire, qui en fait sa particularit\u00e9.<\/p>\n\n\n\n<p>Ce jeudi 25&nbsp;mai en fin d\u2019apr\u00e8s-midi,&nbsp;<a href=\"https:\/\/www.republicain-lorrain.fr\/culture-loisirs\/2022\/05\/26\/meeting-d-athletisme-ce-dimanche-derniers-preparatifs-avant-le-jour-j\" target=\"_blank\" rel=\"noreferrer noopener\">une poign\u00e9e de volontaires<\/a>&nbsp;, membres du club et anciens adh\u00e9rents, s\u2019activent au stade pour installer les \u00e9quipements. Il faut tracer \u00e0 la main les secteurs du lancer de marteau, disposer les haies en bord de piste, monter la structure du saut \u00e0 la perche mais aussi fixer les banderoles des sponsors autour du stade, s\u2019assurer que tout est en ordre.<\/p>\n\n\n\n<h2 class=\"wp-block-heading\">Trente athl\u00e8tes \u00e0 aller chercher \u00e0 l\u2019a\u00e9roport<\/h2>\n\n\n\n<p><a href=\"https:\/\/www.republicain-lorrain.fr\/societe\/2022\/10\/13\/zoe-pelikan-educatrice-sportive-a-l-usf-athletisme-la-passion-et-la-transmission\" target=\"_blank\" rel=\"noreferrer noopener\">Zo\u00e9 Pelikan<\/a>&nbsp;, l\u2019une des salari\u00e9es du club m\u00e8ne la petite \u00e9quipe, sous un soleil de plomb. \u00ab&nbsp;C\u2019est pas mal de boulot, mais on aime bien&nbsp;! Il y a une sorte de l\u00e9g\u00e8re euphorie \u00e0 l\u2019approche du meeting.&nbsp;\u00bb \u00c0 ses c\u00f4t\u00e9s, Didier, fid\u00e8le b\u00e9n\u00e9vole, pr\u00eate main-forte. \u00ab&nbsp;On fait tout pour que la journ\u00e9e de dimanche soit id\u00e9ale, en essayant d\u2019\u00eatre pr\u00e9sent au maximum pour aider \u00e0 l\u2019installation.&nbsp;\u00bb<\/p>\n\n\n\n<p>Samedi, la plupart des athl\u00e8tes d\u00e9barqueront \u00e0 Forbach en train ou par avion. \u00ab&nbsp;On d\u00e9ploie dix chauffeurs pour faire les allers-retours vers les a\u00e9roports de Francfort ou du Luxembourg, avec des minibus de neuf places ou les v\u00e9hicules personnels, selon un plan de transport que j\u2019\u00e9tablis moi-m\u00eame&nbsp;\u00bb, explique Pascal Schuler. En tout, trente athl\u00e8tes seront pris en charge, transport\u00e9s jusqu\u2019\u00e0 l\u2019h\u00f4tel Mercure de Forbach, o\u00f9 sont log\u00e9s les sportifs, la veille du meeting. \u00ab&nbsp;C\u2019est une logistique complexe, car les athl\u00e8tes arrivent d\u2019un peu partout. Mais on n\u2019a pas encore eu de couac&nbsp;!&nbsp;\u00bb, lance le patron du meeting. \u00ab&nbsp;Tout devrait \u00eatre pr\u00eat pour dimanche. Et comme le beau temps est avec nous, le public devrait aussi \u00eatre au rendez-vous&nbsp;!&nbsp;\u00bb<\/p>\n","protected":false},"excerpt":{"rendered":"<p>Durant les jours qui pr\u00e9c\u00e8dent le meeting international de Forbach (ce dimanche 28\u00a0mai), salari\u00e9s et b\u00e9n\u00e9voles de l\u2019USF athl\u00e9tisme s\u2019activent pour pr\u00e9parer le stade du Schlossberg et aller chercher les athl\u00e8tes \u00e0 l\u2019a\u00e9roport. Une organisation bien rod\u00e9e pour un \u00e9v\u00e9nement d\u2019envergure. Ambiance. Ce dimanche 28&nbsp;mai, d\u00e8s 13&nbsp;h&nbsp;30, le stade du Schlossberg accueillera&nbsp;un superbe plateau d\u2019athl\u00e8tes&nbsp;, [&hellip;]<\/p>\n","protected":false},"author":2,"featured_media":0,"comment_status":"closed","ping_status":"closed","sticky":false,"template":"","format":"standard","meta":{"footnotes":""},"categories":[8],"tags":[],"class_list":["post-1096","post","type-post","status-publish","format-standard","hentry","category-blog-meeting-forbach"],"_links":{"self":[{"href":"https:\/\/meetinginternationaldeforbach.fr\/WP3\/wp-json\/wp\/v2\/posts\/1096","targetHints":{"allow":["GET"]}}],"collection":[{"href":"https:\/\/meetinginternationaldeforbach.fr\/WP3\/wp-json\/wp\/v2\/posts"}],"about":[{"href":"https:\/\/meetinginternationaldeforbach.fr\/WP3\/wp-json\/wp\/v2\/types\/post"}],"author":[{"embeddable":true,"href":"https:\/\/meetinginternationaldeforbach.fr\/WP3\/wp-json\/wp\/v2\/users\/2"}],"replies":[{"embeddable":true,"href":"https:\/\/meetinginternationaldeforbach.fr\/WP3\/wp-json\/wp\/v2\/comments?post=1096"}],"version-history":[{"count":1,"href":"https:\/\/meetinginternationaldeforbach.fr\/WP3\/wp-json\/wp\/v2\/posts\/1096\/revisions"}],"predecessor-version":[{"id":1098,"href":"https:\/\/meetinginternationaldeforbach.fr\/WP3\/wp-json\/wp\/v2\/posts\/1096\/revisions\/1098"}],"wp:attachment":[{"href":"https:\/\/meetinginternationaldeforbach.fr\/WP3\/wp-json\/wp\/v2\/media?parent=1096"}],"wp:term":[{"taxonomy":"category","embeddable":true,"href":"https:\/\/meetinginternationaldeforbach.fr\/WP3\/wp-json\/wp\/v2\/categories?post=1096"},{"taxonomy":"post_tag","embeddable":true,"href":"https:\/\/meetinginternationaldeforbach.fr\/WP3\/wp-json\/wp\/v2\/tags?post=1096"}],"curies":[{"name":"wp","href":"https:\/\/api.w.org\/{rel}","templated":true}]}}