{"id":853,"date":"2009-04-28T17:54:00","date_gmt":"2009-04-28T15:54:00","guid":{"rendered":"https:\/\/meetinginternationaldeforbach.fr\/WP3\/?p=853"},"modified":"2025-05-20T11:01:56","modified_gmt":"2025-05-20T09:01:56","slug":"yves-niare-confirme","status":"publish","type":"post","link":"https:\/\/meetinginternationaldeforbach.fr\/WP3\/yves-niare-confirme\/","title":{"rendered":"Yves NIARE confirme"},"content":{"rendered":"\n<p>Yves NIARE sera de nouveau pr\u00e9sent cette ann\u00e9e pour l&rsquo;\u00e9dition 2009. Le recordman de France du lancer du poids aura \u00e0 coeur de relancer au del\u00e0 des 20m cette ann\u00e9e.<\/p>\n","protected":false},"excerpt":{"rendered":"<p>Yves NIARE sera de nouveau pr\u00e9sent cette ann\u00e9e pour l&rsquo;\u00e9dition 2009. Le recordman de France du lancer du poids aura \u00e0 coeur de relancer au del\u00e0 des 20m cette ann\u00e9e.<\/p>\n","protected":false},"author":2,"featured_media":0,"comment_status":"closed","ping_status":"closed","sticky":false,"template":"","format":"standard","meta":{"footnotes":""},"categories":[8],"tags":[],"class_list":["post-853","post","type-post","status-publish","format-standard","hentry","category-blog-meeting-forbach"],"_links":{"self":[{"href":"https:\/\/meetinginternationaldeforbach.fr\/WP3\/wp-json\/wp\/v2\/posts\/853","targetHints":{"allow":["GET"]}}],"collection":[{"href":"https:\/\/meetinginternationaldeforbach.fr\/WP3\/wp-json\/wp\/v2\/posts"}],"about":[{"href":"https:\/\/meetinginternationaldeforbach.fr\/WP3\/wp-json\/wp\/v2\/types\/post"}],"author":[{"embeddable":true,"href":"https:\/\/meetinginternationaldeforbach.fr\/WP3\/wp-json\/wp\/v2\/users\/2"}],"replies":[{"embeddable":true,"href":"https:\/\/meetinginternationaldeforbach.fr\/WP3\/wp-json\/wp\/v2\/comments?post=853"}],"version-history":[{"count":2,"href":"https:\/\/meetinginternationaldeforbach.fr\/WP3\/wp-json\/wp\/v2\/posts\/853\/revisions"}],"predecessor-version":[{"id":1292,"href":"https:\/\/meetinginternationaldeforbach.fr\/WP3\/wp-json\/wp\/v2\/posts\/853\/revisions\/1292"}],"wp:attachment":[{"href":"https:\/\/meetinginternationaldeforbach.fr\/WP3\/wp-json\/wp\/v2\/media?parent=853"}],"wp:term":[{"taxonomy":"category","embeddable":true,"href":"https:\/\/meetinginternationaldeforbach.fr\/WP3\/wp-json\/wp\/v2\/categories?post=853"},{"taxonomy":"post_tag","embeddable":true,"href":"https:\/\/meetinginternationaldeforbach.fr\/WP3\/wp-json\/wp\/v2\/tags?post=853"}],"curies":[{"name":"wp","href":"https:\/\/api.w.org\/{rel}","templated":true}]}}