{"id":866,"date":"2009-04-30T18:00:00","date_gmt":"2009-04-30T16:00:00","guid":{"rendered":"https:\/\/meetinginternationaldeforbach.fr\/WP3\/?p=866"},"modified":"2025-05-20T11:01:09","modified_gmt":"2025-05-20T09:01:09","slug":"un-champion-deurope-sur-le-schlossberg","status":"publish","type":"post","link":"https:\/\/meetinginternationaldeforbach.fr\/WP3\/un-champion-deurope-sur-le-schlossberg\/","title":{"rendered":"Un champion d&rsquo;Europe sur le Schlossberg"},"content":{"rendered":"\n<p>Renaud LAVILLENIE sera bien pr\u00e9sent sur la piste du stade du Schlossberg ce dimanche 31 mai 2009. Le tout r\u00e9cent champion d&rsquo;Europe en salle du saut \u00e0 la perche viendra chercher la concurrence dans un concours qui s&rsquo;annonce de haute voltige !<\/p>\n\n\n\n<p><strong><em>\u00ab\u00a0Avez-vous d\u00e9j\u00e0 arr\u00eat\u00e9 le programme de la suite de votre saison ?<\/em><\/strong><\/p>\n\n\n\n<p><em>Je participerai au meeting de Forbach, o\u00f9 il ya un beau plateau qui s\u2019annonce. Ensuite, je sauterai au meeting de Moscou, lors de la Coupe d\u2019Europe par \u00e9quipes et lors des Jeux M\u00e9diterran\u00e9en si je suis s\u00e9lectionn\u00e9 \u00ab\u00a0<\/em><\/p>\n","protected":false},"excerpt":{"rendered":"<p>Renaud LAVILLENIE sera bien pr\u00e9sent sur la piste du stade du Schlossberg ce dimanche 31 mai 2009. Le tout r\u00e9cent champion d&rsquo;Europe en salle du saut \u00e0 la perche viendra chercher la concurrence dans un concours qui s&rsquo;annonce de haute voltige ! \u00ab\u00a0Avez-vous d\u00e9j\u00e0 arr\u00eat\u00e9 le programme de la suite de votre saison ? Je [&hellip;]<\/p>\n","protected":false},"author":2,"featured_media":0,"comment_status":"closed","ping_status":"closed","sticky":false,"template":"","format":"standard","meta":{"footnotes":""},"categories":[8],"tags":[],"class_list":["post-866","post","type-post","status-publish","format-standard","hentry","category-blog-meeting-forbach"],"_links":{"self":[{"href":"https:\/\/meetinginternationaldeforbach.fr\/WP3\/wp-json\/wp\/v2\/posts\/866","targetHints":{"allow":["GET"]}}],"collection":[{"href":"https:\/\/meetinginternationaldeforbach.fr\/WP3\/wp-json\/wp\/v2\/posts"}],"about":[{"href":"https:\/\/meetinginternationaldeforbach.fr\/WP3\/wp-json\/wp\/v2\/types\/post"}],"author":[{"embeddable":true,"href":"https:\/\/meetinginternationaldeforbach.fr\/WP3\/wp-json\/wp\/v2\/users\/2"}],"replies":[{"embeddable":true,"href":"https:\/\/meetinginternationaldeforbach.fr\/WP3\/wp-json\/wp\/v2\/comments?post=866"}],"version-history":[{"count":2,"href":"https:\/\/meetinginternationaldeforbach.fr\/WP3\/wp-json\/wp\/v2\/posts\/866\/revisions"}],"predecessor-version":[{"id":1288,"href":"https:\/\/meetinginternationaldeforbach.fr\/WP3\/wp-json\/wp\/v2\/posts\/866\/revisions\/1288"}],"wp:attachment":[{"href":"https:\/\/meetinginternationaldeforbach.fr\/WP3\/wp-json\/wp\/v2\/media?parent=866"}],"wp:term":[{"taxonomy":"category","embeddable":true,"href":"https:\/\/meetinginternationaldeforbach.fr\/WP3\/wp-json\/wp\/v2\/categories?post=866"},{"taxonomy":"post_tag","embeddable":true,"href":"https:\/\/meetinginternationaldeforbach.fr\/WP3\/wp-json\/wp\/v2\/tags?post=866"}],"curies":[{"name":"wp","href":"https:\/\/api.w.org\/{rel}","templated":true}]}}