{"id":869,"date":"2009-05-14T18:00:00","date_gmt":"2009-05-14T16:00:00","guid":{"rendered":"https:\/\/meetinginternationaldeforbach.fr\/WP3\/?p=869"},"modified":"2025-05-20T11:00:58","modified_gmt":"2025-05-20T09:00:58","slug":"christophe-lemaitre-sur-la-ligne-droite","status":"publish","type":"post","link":"https:\/\/meetinginternationaldeforbach.fr\/WP3\/christophe-lemaitre-sur-la-ligne-droite\/","title":{"rendered":"Christophe LEMAITRE sur la ligne droite !"},"content":{"rendered":"\n<p>Il vient de confirmer sa pr\u00e9sence et en profitera pour faire d\u00e9couvrir la r\u00e9gion&nbsp;\u00e0 ses parents, Christophe LEMAITRE, champion du Monde junior sur la distance reine, foulera la piste du stade du Schlossberg &#8230;<\/p>\n\n\n\n<p><em>\u00ab\u00a0Je participe la semaine prochaine au 2e tour des Interclubs. Je serai align\u00e9 sur 4 x 100 m et une \u00e9preuve individuelle. Laquelle ? Je ne sais pas. J\u2019aimerais bien faire un 200 m. \u00c7a me manque m\u00eame si la distance est un peu longue. Mais je pr\u00e9f\u00e8re quand m\u00eame le 100 m. J\u2019ai l\u2019impression que la ligne droite me permet de mieux d\u00e9ployer ma foul\u00e9e. Ensuite je serai pr\u00e9sent \u00e0 Forbach le 31 mai.\u00a0\u00bb<\/em><\/p>\n","protected":false},"excerpt":{"rendered":"<p>Il vient de confirmer sa pr\u00e9sence et en profitera pour faire d\u00e9couvrir la r\u00e9gion&nbsp;\u00e0 ses parents, Christophe LEMAITRE, champion du Monde junior sur la distance reine, foulera la piste du stade du Schlossberg &#8230; \u00ab\u00a0Je participe la semaine prochaine au 2e tour des Interclubs. Je serai align\u00e9 sur 4 x 100 m et une \u00e9preuve [&hellip;]<\/p>\n","protected":false},"author":2,"featured_media":0,"comment_status":"closed","ping_status":"closed","sticky":false,"template":"","format":"standard","meta":{"footnotes":""},"categories":[8],"tags":[],"class_list":["post-869","post","type-post","status-publish","format-standard","hentry","category-blog-meeting-forbach"],"_links":{"self":[{"href":"https:\/\/meetinginternationaldeforbach.fr\/WP3\/wp-json\/wp\/v2\/posts\/869","targetHints":{"allow":["GET"]}}],"collection":[{"href":"https:\/\/meetinginternationaldeforbach.fr\/WP3\/wp-json\/wp\/v2\/posts"}],"about":[{"href":"https:\/\/meetinginternationaldeforbach.fr\/WP3\/wp-json\/wp\/v2\/types\/post"}],"author":[{"embeddable":true,"href":"https:\/\/meetinginternationaldeforbach.fr\/WP3\/wp-json\/wp\/v2\/users\/2"}],"replies":[{"embeddable":true,"href":"https:\/\/meetinginternationaldeforbach.fr\/WP3\/wp-json\/wp\/v2\/comments?post=869"}],"version-history":[{"count":2,"href":"https:\/\/meetinginternationaldeforbach.fr\/WP3\/wp-json\/wp\/v2\/posts\/869\/revisions"}],"predecessor-version":[{"id":1287,"href":"https:\/\/meetinginternationaldeforbach.fr\/WP3\/wp-json\/wp\/v2\/posts\/869\/revisions\/1287"}],"wp:attachment":[{"href":"https:\/\/meetinginternationaldeforbach.fr\/WP3\/wp-json\/wp\/v2\/media?parent=869"}],"wp:term":[{"taxonomy":"category","embeddable":true,"href":"https:\/\/meetinginternationaldeforbach.fr\/WP3\/wp-json\/wp\/v2\/categories?post=869"},{"taxonomy":"post_tag","embeddable":true,"href":"https:\/\/meetinginternationaldeforbach.fr\/WP3\/wp-json\/wp\/v2\/tags?post=869"}],"curies":[{"name":"wp","href":"https:\/\/api.w.org\/{rel}","templated":true}]}}