{"id":875,"date":"2009-05-31T18:03:00","date_gmt":"2009-05-31T16:03:00","guid":{"rendered":"https:\/\/meetinginternationaldeforbach.fr\/WP3\/?p=875"},"modified":"2025-05-20T11:00:32","modified_gmt":"2025-05-20T09:00:32","slug":"djhone-inquiet","status":"publish","type":"post","link":"https:\/\/meetinginternationaldeforbach.fr\/WP3\/djhone-inquiet\/","title":{"rendered":"Djone inquiet"},"content":{"rendered":"\n<p><strong>Leslie Djone&nbsp;<\/strong>a \u00e9t\u00e9 contraint \u00e0 l&rsquo;abandon lors du 300 m de la r\u00e9union de Forbach. Le Fran\u00e7ais a senti un&nbsp;<em>\u00abtiraillement sur une ancienne cicatrice au quadriceps de la cuisse gauche\u00bb&nbsp;<\/em>a expliqu\u00e9 son entra\u00eeneur Fran\u00e7ois P\u00e9pin.&nbsp;<em>\u00abC&rsquo;est inqui\u00e9tant mais pas encore alarmant. On en saura plus apr\u00e8s les examens compl\u00e9mentaires qu&rsquo;il passera dans les deux prochains jours\u00bb<\/em>, a-t-il ajout\u00e9. En d\u00e9but de semaine, le num\u00e9ro 1 tricolore du tour de piste, 5e aux JO de P\u00e9kin, avait d\u00e9j\u00e0 connu des inqui\u00e9tudes concernant cette ancienne cicatrice mais avait n\u00e9anmoins d\u00e9cid\u00e9 de se rendre \u00e0 Forbach.<\/p>\n","protected":false},"excerpt":{"rendered":"<p>Leslie Djone&nbsp;a \u00e9t\u00e9 contraint \u00e0 l&rsquo;abandon lors du 300 m de la r\u00e9union de Forbach. Le Fran\u00e7ais a senti un&nbsp;\u00abtiraillement sur une ancienne cicatrice au quadriceps de la cuisse gauche\u00bb&nbsp;a expliqu\u00e9 son entra\u00eeneur Fran\u00e7ois P\u00e9pin.&nbsp;\u00abC&rsquo;est inqui\u00e9tant mais pas encore alarmant. On en saura plus apr\u00e8s les examens compl\u00e9mentaires qu&rsquo;il passera dans les deux prochains jours\u00bb, [&hellip;]<\/p>\n","protected":false},"author":2,"featured_media":0,"comment_status":"closed","ping_status":"closed","sticky":false,"template":"","format":"standard","meta":{"footnotes":""},"categories":[8],"tags":[],"class_list":["post-875","post","type-post","status-publish","format-standard","hentry","category-blog-meeting-forbach"],"_links":{"self":[{"href":"https:\/\/meetinginternationaldeforbach.fr\/WP3\/wp-json\/wp\/v2\/posts\/875","targetHints":{"allow":["GET"]}}],"collection":[{"href":"https:\/\/meetinginternationaldeforbach.fr\/WP3\/wp-json\/wp\/v2\/posts"}],"about":[{"href":"https:\/\/meetinginternationaldeforbach.fr\/WP3\/wp-json\/wp\/v2\/types\/post"}],"author":[{"embeddable":true,"href":"https:\/\/meetinginternationaldeforbach.fr\/WP3\/wp-json\/wp\/v2\/users\/2"}],"replies":[{"embeddable":true,"href":"https:\/\/meetinginternationaldeforbach.fr\/WP3\/wp-json\/wp\/v2\/comments?post=875"}],"version-history":[{"count":3,"href":"https:\/\/meetinginternationaldeforbach.fr\/WP3\/wp-json\/wp\/v2\/posts\/875\/revisions"}],"predecessor-version":[{"id":1285,"href":"https:\/\/meetinginternationaldeforbach.fr\/WP3\/wp-json\/wp\/v2\/posts\/875\/revisions\/1285"}],"wp:attachment":[{"href":"https:\/\/meetinginternationaldeforbach.fr\/WP3\/wp-json\/wp\/v2\/media?parent=875"}],"wp:term":[{"taxonomy":"category","embeddable":true,"href":"https:\/\/meetinginternationaldeforbach.fr\/WP3\/wp-json\/wp\/v2\/categories?post=875"},{"taxonomy":"post_tag","embeddable":true,"href":"https:\/\/meetinginternationaldeforbach.fr\/WP3\/wp-json\/wp\/v2\/tags?post=875"}],"curies":[{"name":"wp","href":"https:\/\/api.w.org\/{rel}","templated":true}]}}