{"id":879,"date":"2009-05-31T18:04:00","date_gmt":"2009-05-31T16:04:00","guid":{"rendered":"https:\/\/meetinginternationaldeforbach.fr\/WP3\/?p=879"},"modified":"2025-05-20T11:00:19","modified_gmt":"2025-05-20T09:00:19","slug":"580-m-pour-lavillenie","status":"publish","type":"post","link":"https:\/\/meetinginternationaldeforbach.fr\/WP3\/580-m-pour-lavillenie\/","title":{"rendered":"5,80 m pour Lavillenie"},"content":{"rendered":"\n<p>En franchissant 5,80 m\u00e8tres, le perchiste fran\u00e7ais&nbsp;<strong>Renaud Lavillenie<\/strong>&nbsp;a \u00e9gal\u00e9 la meilleure performance europ\u00e9enne et la deuxi\u00e8me performance mondiale de l&rsquo;ann\u00e9e, dimanche, lors de la r\u00e9union de Forbach (Moselle). Romain Mesnil a d\u00fb se contenter d&rsquo;une barre \u00e0 5,70 m.&nbsp;<br><br>En finale du 100 m, le jeune Christophe Lemaitre a r\u00e9ussi un excellent chrono (10&Prime;03) qui aurait pu lui valoir le record de France espoirs si le vent n&rsquo;avait pas \u00e9t\u00e9 trop favorable (4,90 m\/s). Avec un temps de 10&Prime;28 en s\u00e9ries, le champion du monde juniors 2008 du 200 m avait n\u00e9anmoins r\u00e9ussi les minimas pour les championnats d&rsquo;Europe juniors et espoirs ainsi que les minimas B pour les Mondiaux de Berlin (15-23 ao\u00fbt).<\/p>\n\n\n\n<p><\/p>\n","protected":false},"excerpt":{"rendered":"<p>En franchissant 5,80 m\u00e8tres, le perchiste fran\u00e7ais&nbsp;Renaud Lavillenie&nbsp;a \u00e9gal\u00e9 la meilleure performance europ\u00e9enne et la deuxi\u00e8me performance mondiale de l&rsquo;ann\u00e9e, dimanche, lors de la r\u00e9union de Forbach (Moselle). Romain Mesnil a d\u00fb se contenter d&rsquo;une barre \u00e0 5,70 m.&nbsp; En finale du 100 m, le jeune Christophe Lemaitre a r\u00e9ussi un excellent chrono (10&Prime;03) qui [&hellip;]<\/p>\n","protected":false},"author":2,"featured_media":0,"comment_status":"closed","ping_status":"closed","sticky":false,"template":"","format":"standard","meta":{"footnotes":""},"categories":[8],"tags":[],"class_list":["post-879","post","type-post","status-publish","format-standard","hentry","category-blog-meeting-forbach"],"_links":{"self":[{"href":"https:\/\/meetinginternationaldeforbach.fr\/WP3\/wp-json\/wp\/v2\/posts\/879","targetHints":{"allow":["GET"]}}],"collection":[{"href":"https:\/\/meetinginternationaldeforbach.fr\/WP3\/wp-json\/wp\/v2\/posts"}],"about":[{"href":"https:\/\/meetinginternationaldeforbach.fr\/WP3\/wp-json\/wp\/v2\/types\/post"}],"author":[{"embeddable":true,"href":"https:\/\/meetinginternationaldeforbach.fr\/WP3\/wp-json\/wp\/v2\/users\/2"}],"replies":[{"embeddable":true,"href":"https:\/\/meetinginternationaldeforbach.fr\/WP3\/wp-json\/wp\/v2\/comments?post=879"}],"version-history":[{"count":2,"href":"https:\/\/meetinginternationaldeforbach.fr\/WP3\/wp-json\/wp\/v2\/posts\/879\/revisions"}],"predecessor-version":[{"id":1284,"href":"https:\/\/meetinginternationaldeforbach.fr\/WP3\/wp-json\/wp\/v2\/posts\/879\/revisions\/1284"}],"wp:attachment":[{"href":"https:\/\/meetinginternationaldeforbach.fr\/WP3\/wp-json\/wp\/v2\/media?parent=879"}],"wp:term":[{"taxonomy":"category","embeddable":true,"href":"https:\/\/meetinginternationaldeforbach.fr\/WP3\/wp-json\/wp\/v2\/categories?post=879"},{"taxonomy":"post_tag","embeddable":true,"href":"https:\/\/meetinginternationaldeforbach.fr\/WP3\/wp-json\/wp\/v2\/tags?post=879"}],"curies":[{"name":"wp","href":"https:\/\/api.w.org\/{rel}","templated":true}]}}