{"id":882,"date":"2009-05-31T18:05:00","date_gmt":"2009-05-31T16:05:00","guid":{"rendered":"https:\/\/meetinginternationaldeforbach.fr\/WP3\/?p=882"},"modified":"2024-07-23T18:11:55","modified_gmt":"2024-07-23T16:11:55","slug":"meeting-national-2eme-etape-du-circuit-sous-le-soleil","status":"publish","type":"post","link":"https:\/\/meetinginternationaldeforbach.fr\/WP3\/meeting-national-2eme-etape-du-circuit-sous-le-soleil\/","title":{"rendered":"Meeting National : 2\u00e8me \u00e9tape du Circuit sous le soleil"},"content":{"rendered":"\n<p>Le meeting de Forbach, se d\u00e9roulant ce dimanche 31 mai, a livr\u00e9 de belles performances au public pr\u00e9sent, cet apr\u00e8s midi au stade Schlossberg. Il a m\u00eame frissonner avec la finale du 100 m\u00e8tres masculin. Malgr\u00e9 un d\u00e9part mitig\u00e9,&nbsp;<strong>Christophe Lemaitre<\/strong>s&rsquo;impose dans un temps canon de 10\u2019\u201903, malheureusement aid\u00e9 par un vent trop favorable (+4.9) pour voir cette performance homologu\u00e9e comme nouveau record de france espoirs. Son camarade d&rsquo;entra\u00eenement,&nbsp;<strong>Pierre-alexis Pessonneaux<\/strong>, deuxi\u00e8me de la finale,&nbsp;profite&nbsp;des faveurs d&rsquo;Eole pour claquer un chrono de 10\u00a0\u00bb29.<\/p>\n\n\n\n<p>La perche masculine a \u00e9galement fait vibrer le stade&nbsp;forbachois avec un joli duel entre&nbsp;<strong>Renaud Lavillenie<\/strong>&nbsp;et&nbsp;<strong>Romain Mesnil<\/strong>. Et le tout r\u00e9cent champion d&rsquo;Europe en salle a pris le meilleur sur le vice champion du monde en titre en effa\u00e7ant 5m80 \u00e0 son deuxi\u00e8me essai alors que Romain devait se &lsquo;contenter&rsquo; de 5m70. De tr\u00e8s bonne augure pour les futures \u00e9ch\u00e9ances internartionales.<\/p>\n\n\n\n<p>Sur le 110m Haies, l\u2019espoir&nbsp;<strong>Dimitri Bascou<\/strong>&nbsp;remporte la finale avec un tr\u00e8s bon 13\u2019\u201969.&nbsp;<strong>Yoann Decimus<\/strong>&nbsp;soigne sa rentr\u00e9e sur 400m avec un joli temps de 46\u2019\u201961 et l\u2019espoir&nbsp;<strong>J\u00e9r\u00e9my Boxberger<\/strong>&nbsp;rempote le&nbsp;800m en 1&rsquo;48\u00a0\u00bb64.<br>Bonnes performances \u00e9galement pour&nbsp;<strong>Virginie Michanol<\/strong>&nbsp;et<strong>Linda Marguet<\/strong>&nbsp;qui s&rsquo;imposent respectivement sur 400m haies (58\u00a0\u00bb34) et 800m (2&rsquo;04\u00a0\u00bb46).<\/p>\n\n\n\n<p>Du c\u00f4t\u00e9 des concours au marteau masculin le Lorrain&nbsp;<strong>J\u00e9r\u00f4me Bortoluzzi<\/strong>&nbsp;l&rsquo;a emport\u00e9 avec 72m76, suivi de tr\u00e8s pr\u00e8s par<strong>Nicolas Figere<\/strong>&nbsp;avec un jet \u00e0 72m40.<br>Chez les filles, c\u2019est&nbsp;<strong>Am\u00e9lie Perrin<\/strong>&nbsp;qui l\u2019emporte en lan\u00e7ant son engin \u00e0 68m30, et qui r\u00e9alise ainsi les minimas B pour les championnats du monde \u00e0 Berlin. La junior,&nbsp;<strong>Marylou Bontemps<\/strong>(57m60) de l\u2019Amiens Universit\u00e9 Club et l\u2019espoir&nbsp;<strong>Jessika Guehaseim<\/strong>&nbsp;(62m18) du club de Montpellier Universit\u00e9 Club, accomplissent,&nbsp;elles, les minima pour les championnats d\u2019Europe Juniors et Espoirs.<br>Un tr\u00e8s beau doubl\u00e9 \u00e9galement du c\u00f4t\u00e9 du poids, o\u00f9&nbsp;<strong>Yves Niar\u00e9<\/strong>&nbsp;remporte le&nbsp;concours en lan\u00e7ant son poids \u00e0 19m85,&nbsp;qui devance&nbsp;le Lillois&nbsp;<strong>Ga\u00ebtan Bucki<\/strong>, avec un jet mesur\u00e9 \u00e0 19m41.<br>Quant \u00e0&nbsp;<strong>Berenger Demerval<\/strong>, il prend une belle seconde place au javelot,&nbsp;derri\u00e8re l\u2019Allemand Alexander Vieweg (79m00), en projetant son engin \u00e0 76m15.<\/p>\n\n\n\n<p>Nous avons pris \u00e9galement de la Hauteur avec l\u2019Alsacienne<strong>M\u00e9lanie Skotnik<\/strong>, qui remporte le concours, avec un saut \u00e0 1m92.<br>Un beau podium&nbsp;au del\u00e0 des&nbsp;16m en triple saut Masculin, o\u00f9<strong>Julien-Pierre Kapek<\/strong>&nbsp;l\u2019emporte avec un&nbsp;<strong>saut \u00e0 16m63,<\/strong>&nbsp;suivi en seconde position par&nbsp;<strong>Jules Lechanga<\/strong>&nbsp;(16m57) puis&nbsp;<strong>Colomba Fofana<\/strong>&nbsp;(16m45). Chez les filles c\u2019est&nbsp;<strong>Teresa Nzola Meso Ba<\/strong>&nbsp;qui gagne&nbsp;le concours avec un bond \u00e0 13m96 (+1,1m).<\/p>\n\n\n\n<p>Enfin ce sont les 200 m\u00e8tres qui ont cl\u00f4tur\u00e9 ce superbe meeting D1 \u00e0 Forbach.&nbsp;<strong>Eddy De Lepine<\/strong>, pour sa rentr\u00e9e, l\u2019emporte en 20\u2019\u201991, suivi par&nbsp;<strong>Yannick Fonsat<\/strong>&nbsp;et Ydrissa M&rsquo;Barke tous deux cr\u00e9dit\u00e9s&nbsp;de 21\u2019\u201912. Dans la finale f\u00e9minine un vent d\u00e9favorable de 2.8 m\/s \u00e0, surement&nbsp;s\u00e9rieusement ralenti&nbsp;<strong>Lina Jacques-S\u00e9bastien<\/strong>&nbsp;(23\u00a0\u00bb85) et&nbsp;<strong>Myriam Soumar\u00e9<\/strong>&nbsp;(23\u00a0\u00bb95).<\/p>\n\n\n\n<p>La mauvaise nouvelle de l&rsquo;apr\u00e8s midi venant de&nbsp;<strong>Leslie Djhone<\/strong>qui du abandonner son 300m suite \u00e0 une douleur au quadriceps gauche.<\/p>\n","protected":false},"excerpt":{"rendered":"<p>Le meeting de Forbach, se d\u00e9roulant ce dimanche 31 mai, a livr\u00e9 de belles performances au public pr\u00e9sent, cet apr\u00e8s midi au stade Schlossberg. Il a m\u00eame frissonner avec la finale du 100 m\u00e8tres masculin. Malgr\u00e9 un d\u00e9part mitig\u00e9,&nbsp;Christophe Lemaitres&rsquo;impose dans un temps canon de 10\u2019\u201903, malheureusement aid\u00e9 par un vent trop favorable (+4.9) pour [&hellip;]<\/p>\n","protected":false},"author":2,"featured_media":0,"comment_status":"closed","ping_status":"closed","sticky":false,"template":"","format":"standard","meta":{"footnotes":""},"categories":[8],"tags":[],"class_list":["post-882","post","type-post","status-publish","format-standard","hentry","category-blog-meeting-forbach"],"_links":{"self":[{"href":"https:\/\/meetinginternationaldeforbach.fr\/WP3\/wp-json\/wp\/v2\/posts\/882","targetHints":{"allow":["GET"]}}],"collection":[{"href":"https:\/\/meetinginternationaldeforbach.fr\/WP3\/wp-json\/wp\/v2\/posts"}],"about":[{"href":"https:\/\/meetinginternationaldeforbach.fr\/WP3\/wp-json\/wp\/v2\/types\/post"}],"author":[{"embeddable":true,"href":"https:\/\/meetinginternationaldeforbach.fr\/WP3\/wp-json\/wp\/v2\/users\/2"}],"replies":[{"embeddable":true,"href":"https:\/\/meetinginternationaldeforbach.fr\/WP3\/wp-json\/wp\/v2\/comments?post=882"}],"version-history":[{"count":1,"href":"https:\/\/meetinginternationaldeforbach.fr\/WP3\/wp-json\/wp\/v2\/posts\/882\/revisions"}],"predecessor-version":[{"id":883,"href":"https:\/\/meetinginternationaldeforbach.fr\/WP3\/wp-json\/wp\/v2\/posts\/882\/revisions\/883"}],"wp:attachment":[{"href":"https:\/\/meetinginternationaldeforbach.fr\/WP3\/wp-json\/wp\/v2\/media?parent=882"}],"wp:term":[{"taxonomy":"category","embeddable":true,"href":"https:\/\/meetinginternationaldeforbach.fr\/WP3\/wp-json\/wp\/v2\/categories?post=882"},{"taxonomy":"post_tag","embeddable":true,"href":"https:\/\/meetinginternationaldeforbach.fr\/WP3\/wp-json\/wp\/v2\/tags?post=882"}],"curies":[{"name":"wp","href":"https:\/\/api.w.org\/{rel}","templated":true}]}}