{"id":886,"date":"2010-05-21T18:07:00","date_gmt":"2010-05-21T16:07:00","guid":{"rendered":"https:\/\/meetinginternationaldeforbach.fr\/WP3\/?p=886"},"modified":"2025-05-20T10:59:42","modified_gmt":"2025-05-20T08:59:42","slug":"romain-mesnil-le-moment-de-casser-des-barrieres-psychologiques","status":"publish","type":"post","link":"https:\/\/meetinginternationaldeforbach.fr\/WP3\/romain-mesnil-le-moment-de-casser-des-barrieres-psychologiques\/","title":{"rendered":"Romain Mesnil : \u00ab Le moment de casser des barri\u00e8res psychologiques \u00bb"},"content":{"rendered":"\n<p><strong>Romain Mesnil, le vice-champion du Monde du saut \u00e0 la perche 2007 et 2009, ne participera pas au deuxi\u00e8me tour des Interclubs ce week-end avec l\u2019AC Paris-Joinville. Le Bordelais coach\u00e9 par Georges Martin n\u2019est en effet pas encore compl\u00e8tement remis d\u2019une blessure au mollet apparue lors d\u2019un stage \u00e0 Monaco fin avril. Il devrait pouvoir reprendre v\u00e9ritablement le chemin de l\u2019entra\u00eenement en d\u00e9but de semaine prochaine. Mais il ne s\u2019inqui\u00e8te pas outre mesure, comptant sur son exp\u00e9rience et ses progr\u00e8s techniques \u00e0 l\u2019entra\u00eenement pour jouer sa carte \u00e0 Barcelone, lors des Championnats d\u2019Europe.&nbsp;<br>Ce jeudi matin, il \u00e9tait pr\u00e9sent \u00e0 la conf\u00e9rence de presse de lancement de l\u2019Alma Athl\u00e9 Tour, le circuit de la Ligue Professionnelle. Autre actualit\u00e9 \u00e0 son programme : la sortie d\u00e9but juin de son autobiographie \u00ab Ma v\u00e9rit\u00e9 toute nue \u00bb* \u00e9crite avec le journaliste Jean-Pierre Alaux. Un livre dans lequel il raconte sa vie d\u2019athl\u00e8te de haut niveau avec distance et humour, tout en n\u2019\u00e9ludant pas des sujets comme le dopage et l\u2019argent dans le milieu du sport. Mais pour l\u2019heure, place \u00e0 la piste.<\/strong><\/p>\n\n\n\n<p><strong>Athle.com : Romain, comment allez-vous depuis votre petit d\u00e9collement de l\u2019apon\u00e9vrose du mollet gauche fin avril ?<\/strong><br><strong>Romain Mesnil<\/strong>&nbsp;: J\u2019ai repris un peu trop t\u00f4t, ce qui m\u2019a contraint \u00e0 dix jours d\u2019arr\u00eat suppl\u00e9mentaires. Mais \u00e7a ne devrait pas trop jouer sur ma saison car j\u2019avais pr\u00e9vu de d\u00e9buter \u00e0 Forbach (le 30 mai) et j\u2019ai quand m\u00eame pas mal d\u2019exp\u00e9rience. J\u2019ai un peu all\u00e9g\u00e9 mon nombre de comp\u00e9titions cet \u00e9t\u00e9 afin de me m\u00e9nager des plages de quinze jours pour bien m\u2019entra\u00eener. En fait, je veux faire le contraire de cet hiver, au cours duquel j\u2019ai a priori encha\u00een\u00e9 trop de meetings.<\/p>\n\n\n\n<p><strong>Avez-vous d\u00e9j\u00e0 votre programme en t\u00eate ?<\/strong><br>Ce qui est s\u00fbr, c\u2019est que je ne serai pas beaucoup pr\u00e9sent sur les meetings Diamond League. Je pr\u00e9f\u00e8re rester en France avec notamment les r\u00e9unions de l\u2019Alma Athl\u00e9 Tour. Je devrais \u00e9galement prendre part aux meetings de Lausanne et Areva avant les Championnats de France Elite.<\/p>\n\n\n\n<p><strong>Il y a un coup \u00e0 jouer cette ann\u00e9e lors des Championnats d\u2019Europe\u2026<\/strong><br>Oui, c\u2019est vrai. Mais depuis que je me suis bless\u00e9, j\u2019y crois forc\u00e9ment un peu moins. M\u00eame si j\u2019ai fait du v\u00e9lo d\u2019appartement, ce qui m\u2019a bien reboost\u00e9 ! Il faudra voir comment se comportent cet \u00e9t\u00e9 les autres Europ\u00e9ens et Renaud (Lavillenie). Je garde confiance. J\u2019ai r\u00e9ussi ces derniers temps \u00e0 corriger \u00e0 l\u2019entra\u00eenement des erreurs techniques qui trainaient depuis deux ans. Je me cassais notamment la figure \u00e0 la fin de ma course d\u2019\u00e9lan. Je suis moins serein que si je n\u2019avais pas \u00e9t\u00e9 bless\u00e9, sachant que des p\u00e9pins physiques m\u2019ont souvent handicap\u00e9 au cours de ma carri\u00e8re. C\u2019est logique. Mais c\u2019est le moment de casser des barri\u00e8res psychologiques.<\/p>\n\n\n\n<p><strong>Vous avez pouss\u00e9 il y a quelques semaines un petit coup de gueule pour souligner que vous n\u2019arriviez toujours pas \u00e0 trouver un \u00e9quipementier\u2026<\/strong><br>C\u2019\u00e9tait plus une constatation qu\u2019un coup de gueule. Le sponsor que j\u2019ai trouv\u00e9, c\u2019est gr\u00e2ce \u00e0 ma course nue dans Paris, pas gr\u00e2ce \u00e0 ma performance de Berlin. C\u2019est curieux. Ne pas avoir d\u2019\u00e9quipementier, \u00e7a me donne l\u2019impression d\u2019\u00eatre un peu \u00e0 l\u2019\u00e9cart. A moi de faire abstraction de tout \u00e7a pour me concentrer sur ma saison.<\/p>\n\n\n\n<p>Propos recueillis par Florian Gaudin-Winer pour athle.com<\/p>\n\n\n\n<p>*Romain Mesnil, Ma v\u00e9rit\u00e9 toute nue. Avec Jean-Pierre Alaux. Solar Editions. 300 pages. 18,90 euros.<\/p>\n","protected":false},"excerpt":{"rendered":"<p>Romain Mesnil, le vice-champion du Monde du saut \u00e0 la perche 2007 et 2009, ne participera pas au deuxi\u00e8me tour des Interclubs ce week-end avec l\u2019AC Paris-Joinville. Le Bordelais coach\u00e9 par Georges Martin n\u2019est en effet pas encore compl\u00e8tement remis d\u2019une blessure au mollet apparue lors d\u2019un stage \u00e0 Monaco fin avril. Il devrait pouvoir [&hellip;]<\/p>\n","protected":false},"author":2,"featured_media":0,"comment_status":"closed","ping_status":"closed","sticky":false,"template":"","format":"standard","meta":{"footnotes":""},"categories":[8],"tags":[],"class_list":["post-886","post","type-post","status-publish","format-standard","hentry","category-blog-meeting-forbach"],"_links":{"self":[{"href":"https:\/\/meetinginternationaldeforbach.fr\/WP3\/wp-json\/wp\/v2\/posts\/886","targetHints":{"allow":["GET"]}}],"collection":[{"href":"https:\/\/meetinginternationaldeforbach.fr\/WP3\/wp-json\/wp\/v2\/posts"}],"about":[{"href":"https:\/\/meetinginternationaldeforbach.fr\/WP3\/wp-json\/wp\/v2\/types\/post"}],"author":[{"embeddable":true,"href":"https:\/\/meetinginternationaldeforbach.fr\/WP3\/wp-json\/wp\/v2\/users\/2"}],"replies":[{"embeddable":true,"href":"https:\/\/meetinginternationaldeforbach.fr\/WP3\/wp-json\/wp\/v2\/comments?post=886"}],"version-history":[{"count":2,"href":"https:\/\/meetinginternationaldeforbach.fr\/WP3\/wp-json\/wp\/v2\/posts\/886\/revisions"}],"predecessor-version":[{"id":1282,"href":"https:\/\/meetinginternationaldeforbach.fr\/WP3\/wp-json\/wp\/v2\/posts\/886\/revisions\/1282"}],"wp:attachment":[{"href":"https:\/\/meetinginternationaldeforbach.fr\/WP3\/wp-json\/wp\/v2\/media?parent=886"}],"wp:term":[{"taxonomy":"category","embeddable":true,"href":"https:\/\/meetinginternationaldeforbach.fr\/WP3\/wp-json\/wp\/v2\/categories?post=886"},{"taxonomy":"post_tag","embeddable":true,"href":"https:\/\/meetinginternationaldeforbach.fr\/WP3\/wp-json\/wp\/v2\/tags?post=886"}],"curies":[{"name":"wp","href":"https:\/\/api.w.org\/{rel}","templated":true}]}}