{"id":926,"date":"2013-05-27T22:17:00","date_gmt":"2013-05-27T20:17:00","guid":{"rendered":"https:\/\/meetinginternationaldeforbach.fr\/WP3\/?p=926"},"modified":"2025-05-20T10:57:33","modified_gmt":"2025-05-20T08:57:33","slug":"pascal-martinot-lagarde-et-renaud-lavillenie-entre-les-gouttes","status":"publish","type":"post","link":"https:\/\/meetinginternationaldeforbach.fr\/WP3\/pascal-martinot-lagarde-et-renaud-lavillenie-entre-les-gouttes\/","title":{"rendered":"Pascal Martinot-Lagarde et Renaud Lavillenie entre les gouttes"},"content":{"rendered":"\n<p><strong>C&rsquo;est dans des conditions climatiques tr\u00e8s difficiles que s&rsquo;est tenu, en ce dimanche 26 mai, le meeting de Forbach. Pluie continue, vent et temp\u00e9rature inf\u00e9rieure \u00e0 10 degr\u00e9s s&rsquo;\u00e9taient, en effet, invit\u00e9s au stade du Schlossberg pour la deuxi\u00e8me \u00e9tape du circuit Elite. Les athl\u00e8tes engag\u00e9s ont, donc, d\u00fb composer avec ces \u00e9l\u00e9ments m\u00e9t\u00e9orologiques rarissimes pour une fin de mois de mai et revoir, l\u00e9gitimement, leurs ambitions \u00e0 la baisse.<\/strong><\/p>\n\n\n\n<p>Dans ce contexte particulier,&nbsp;<strong>Pascal Martinot-Lagarde<\/strong>&nbsp;a r\u00e9ussi \u00e0 tirer son \u00e9pingle du jeu. Le m\u00e9daill\u00e9 de bronze des derniers championnats d\u2019Europe en salle sur 60 m haies s\u2019est, en effet, impos\u00e9 sur 110 m haies en 13\u2019\u201949 et ce sur une piste d\u00e9tremp\u00e9e et avec un vent l\u00e9g\u00e8rement d\u00e9favorable (-0.2 m\/s). Le jeune hurdleur francilien qui affectionne les \u00ab bons fights \u00bb sur la piste a livr\u00e9 un beau duel avec&nbsp;<strong>Dimitri Bascou<\/strong>&nbsp;(2\u00e8me en 13\u2019\u201964) qui effectuait, l\u00e0, sa premi\u00e8re sortie de la saison.&nbsp;<strong>Thomas Martinot-Lagarde<\/strong>&nbsp;compl\u00e8te le podium en 13\u2019\u201975. Sur les haies hautes mais f\u00e9minines on notera la victoire \u00e0 la photo-finish d\u2019<strong>Alice Decaux<\/strong>&nbsp;sur&nbsp;<strong>Reina-Flor Okori<\/strong>, toutes les deux cr\u00e9dit\u00e9es de 13\u2019\u201952. Dans les autres courses on retiendra le joli doubl\u00e9 de&nbsp;<strong>Jennifer Galais<\/strong>&nbsp;sur 100 m (11\u2019\u201969) et 200 m (24\u2019\u201906) et la supr\u00e9matie nationale de&nbsp;<strong>Marie Gayot<\/strong>&nbsp;sur le tour de piste vainqueur en 53\u2019\u201901 devant la plupart de ses rivales hexagonales (<strong>Agn\u00e8s Raharolahy<\/strong>&nbsp;2\u00e8me en 53\u00a0\u00bb58 et&nbsp;<strong>Estelle Perrossier<\/strong>&nbsp;3\u00e8me en 54\u00a0\u00bb03). Toujours sur 400 m&nbsp;<strong>Toumany Coulibaly<\/strong>&nbsp;a pris le meilleur, en 46\u2019\u201978, sur&nbsp;<strong>Teddy Atine-Venel<\/strong>&nbsp;(46\u2019\u201991) et&nbsp;<strong>Mama-Ibra Anne<\/strong>&nbsp;(46\u2019\u201993).<\/p>\n\n\n\n<p><strong>Lavillenie bloqu\u00e9 \u00e0 5,45m<\/strong><br>S\u2019il est un concours qui souffre plus particuli\u00e8rement de la pluie, c\u2019est bien le saut \u00e0 la perche. En plus de devoir braver les intemp\u00e9ries, les sauteurs avaient le droit, ensuite, de retomber sur un tapis gorg\u00e9 d\u2019eau glaciale\u2026 Pas de quoi vous galvaniser ! Mais pas question pour le champion olympique de la discipline de se d\u00e9filer.&nbsp;<strong>Renaud Lavillenie<\/strong>&nbsp;s\u2019est donc \u00e9lanc\u00e9 \u00e0 quatre reprises. Une premi\u00e8re pour effacer 5,45 m et remporter le concours avant d\u2019\u00e9chouer par trois fois \u00e0 5,63 m. Frustrant !<br>Pas plus d&rsquo;envol\u00e9e du c\u00f4t\u00e9 du triple saut o\u00f9&nbsp;<strong>Teresa Nzola Meso Ba<\/strong>&nbsp;a fait parler son exp\u00e9rience pour s&rsquo;imposer avec 13,48 m (-1.5 m\/s) devant l&rsquo;espoir&nbsp;<strong>Jeanine Assani Issouf<\/strong>&nbsp;(13,20 m, -0.8 m\/s).<br>Finalement ce sont, peut-\u00eatre, les lanceurs qui auront le moins souffert de la m\u00e9t\u00e9o. Au marteau&nbsp;<strong>Alexandra Tavernier<\/strong>&nbsp;et&nbsp;<strong>St\u00e9phanie Falzon<\/strong>&nbsp;ont livr\u00e9 un beau duel avec au final une victoire pour la championne du monde juniors ann\u00e9cienne avec 69,52 m contre 68,91 m pour St\u00e9phanie. Chez les gar\u00e7ons&nbsp;<strong>Quentin Bigot<\/strong>, qui \u00e9voluait pratiquement \u00e0 domicile, s\u2019est impos\u00e9 avec un jet mesur\u00e9 \u00e0 75,41 m. Enfin du c\u00f4t\u00e9 de l\u2019aire de lancer du poids, le lillois&nbsp;<strong>Ga\u00ebtan Bucki<\/strong>&nbsp;a pris le meilleur, en r\u00e9alisant 19,20 m, sur&nbsp;<strong>Tumatai Dauphin<\/strong>&nbsp;(18,73 m).<\/p>\n","protected":false},"excerpt":{"rendered":"<p>C&rsquo;est dans des conditions climatiques tr\u00e8s difficiles que s&rsquo;est tenu, en ce dimanche 26 mai, le meeting de Forbach. Pluie continue, vent et temp\u00e9rature inf\u00e9rieure \u00e0 10 degr\u00e9s s&rsquo;\u00e9taient, en effet, invit\u00e9s au stade du Schlossberg pour la deuxi\u00e8me \u00e9tape du circuit Elite. Les athl\u00e8tes engag\u00e9s ont, donc, d\u00fb composer avec ces \u00e9l\u00e9ments m\u00e9t\u00e9orologiques rarissimes [&hellip;]<\/p>\n","protected":false},"author":2,"featured_media":0,"comment_status":"closed","ping_status":"closed","sticky":false,"template":"","format":"standard","meta":{"footnotes":""},"categories":[8],"tags":[],"class_list":["post-926","post","type-post","status-publish","format-standard","hentry","category-blog-meeting-forbach"],"_links":{"self":[{"href":"https:\/\/meetinginternationaldeforbach.fr\/WP3\/wp-json\/wp\/v2\/posts\/926","targetHints":{"allow":["GET"]}}],"collection":[{"href":"https:\/\/meetinginternationaldeforbach.fr\/WP3\/wp-json\/wp\/v2\/posts"}],"about":[{"href":"https:\/\/meetinginternationaldeforbach.fr\/WP3\/wp-json\/wp\/v2\/types\/post"}],"author":[{"embeddable":true,"href":"https:\/\/meetinginternationaldeforbach.fr\/WP3\/wp-json\/wp\/v2\/users\/2"}],"replies":[{"embeddable":true,"href":"https:\/\/meetinginternationaldeforbach.fr\/WP3\/wp-json\/wp\/v2\/comments?post=926"}],"version-history":[{"count":2,"href":"https:\/\/meetinginternationaldeforbach.fr\/WP3\/wp-json\/wp\/v2\/posts\/926\/revisions"}],"predecessor-version":[{"id":1276,"href":"https:\/\/meetinginternationaldeforbach.fr\/WP3\/wp-json\/wp\/v2\/posts\/926\/revisions\/1276"}],"wp:attachment":[{"href":"https:\/\/meetinginternationaldeforbach.fr\/WP3\/wp-json\/wp\/v2\/media?parent=926"}],"wp:term":[{"taxonomy":"category","embeddable":true,"href":"https:\/\/meetinginternationaldeforbach.fr\/WP3\/wp-json\/wp\/v2\/categories?post=926"},{"taxonomy":"post_tag","embeddable":true,"href":"https:\/\/meetinginternationaldeforbach.fr\/WP3\/wp-json\/wp\/v2\/tags?post=926"}],"curies":[{"name":"wp","href":"https:\/\/api.w.org\/{rel}","templated":true}]}}