{"id":929,"date":"2014-05-18T22:19:00","date_gmt":"2014-05-18T20:19:00","guid":{"rendered":"https:\/\/meetinginternationaldeforbach.fr\/WP3\/?p=929"},"modified":"2024-07-23T22:20:11","modified_gmt":"2024-07-23T20:20:11","slug":"conference-de-presse-du-meeting","status":"publish","type":"post","link":"https:\/\/meetinginternationaldeforbach.fr\/WP3\/conference-de-presse-du-meeting\/","title":{"rendered":"Conf\u00e9rence de Presse du Meeting"},"content":{"rendered":"\n<p><strong>Samedi 17 Mai 2014, a eu lieu la conf\u00e9rence de Presse du Meeting en pr\u00e9sence de Monsieur Laurent KALONOWSKI (Maire de Forbach) ainsi que quelques autres membres du Bureau, ainsi que le Pr\u00e9sident de la ligue lorraine d&rsquo;athl\u00e9tisme Monsieur Ren\u00e9 COMORETTO<\/strong>, l&rsquo;international thionvillois&nbsp;<strong>J\u00e9rome BORTOLUZZI, Philippe STEVENS<\/strong>&nbsp;(Repr\u00e9sentant du Directeur de la Caisse d&rsquo;\u00e9pargne, partenaire du Meeting, S\u00e9bastien CHEVANT (charg\u00e9 de communicartion \u00e0 la LLA), ainsi que&nbsp;<strong>Pascal SCHULER,<\/strong>&nbsp;Pr\u00e9sident de l&rsquo;USF ATHLETISME.<\/p>\n\n\n\n<p>Bien \u00e9videmment, TV8, Radio M\u00e9lodie et le R\u00e9publicain LORRAIN \u00e9taient pr\u00e9sents pour diffuser un maximum d&rsquo;informations \u00e0 quelques jours de l&rsquo;\u00e9v\u00e8nement.<\/p>\n\n\n\n<figure class=\"wp-block-image size-full\"><img fetchpriority=\"high\" decoding=\"async\" width=\"300\" height=\"225\" src=\"https:\/\/meetinginternationaldeforbach.fr\/WP3\/wp-content\/uploads\/2024\/07\/P1070876.jpeg\" alt=\"\" class=\"wp-image-930\"\/><\/figure>\n","protected":false},"excerpt":{"rendered":"<p>Samedi 17 Mai 2014, a eu lieu la conf\u00e9rence de Presse du Meeting en pr\u00e9sence de Monsieur Laurent KALONOWSKI (Maire de Forbach) ainsi que quelques autres membres du Bureau, ainsi que le Pr\u00e9sident de la ligue lorraine d&rsquo;athl\u00e9tisme Monsieur Ren\u00e9 COMORETTO, l&rsquo;international thionvillois&nbsp;J\u00e9rome BORTOLUZZI, Philippe STEVENS&nbsp;(Repr\u00e9sentant du Directeur de la Caisse d&rsquo;\u00e9pargne, partenaire du Meeting, [&hellip;]<\/p>\n","protected":false},"author":2,"featured_media":0,"comment_status":"closed","ping_status":"closed","sticky":false,"template":"","format":"standard","meta":{"footnotes":""},"categories":[8],"tags":[],"class_list":["post-929","post","type-post","status-publish","format-standard","hentry","category-blog-meeting-forbach"],"_links":{"self":[{"href":"https:\/\/meetinginternationaldeforbach.fr\/WP3\/wp-json\/wp\/v2\/posts\/929","targetHints":{"allow":["GET"]}}],"collection":[{"href":"https:\/\/meetinginternationaldeforbach.fr\/WP3\/wp-json\/wp\/v2\/posts"}],"about":[{"href":"https:\/\/meetinginternationaldeforbach.fr\/WP3\/wp-json\/wp\/v2\/types\/post"}],"author":[{"embeddable":true,"href":"https:\/\/meetinginternationaldeforbach.fr\/WP3\/wp-json\/wp\/v2\/users\/2"}],"replies":[{"embeddable":true,"href":"https:\/\/meetinginternationaldeforbach.fr\/WP3\/wp-json\/wp\/v2\/comments?post=929"}],"version-history":[{"count":1,"href":"https:\/\/meetinginternationaldeforbach.fr\/WP3\/wp-json\/wp\/v2\/posts\/929\/revisions"}],"predecessor-version":[{"id":931,"href":"https:\/\/meetinginternationaldeforbach.fr\/WP3\/wp-json\/wp\/v2\/posts\/929\/revisions\/931"}],"wp:attachment":[{"href":"https:\/\/meetinginternationaldeforbach.fr\/WP3\/wp-json\/wp\/v2\/media?parent=929"}],"wp:term":[{"taxonomy":"category","embeddable":true,"href":"https:\/\/meetinginternationaldeforbach.fr\/WP3\/wp-json\/wp\/v2\/categories?post=929"},{"taxonomy":"post_tag","embeddable":true,"href":"https:\/\/meetinginternationaldeforbach.fr\/WP3\/wp-json\/wp\/v2\/tags?post=929"}],"curies":[{"name":"wp","href":"https:\/\/api.w.org\/{rel}","templated":true}]}}