{"id":932,"date":"2014-05-28T22:20:00","date_gmt":"2014-05-28T20:20:00","guid":{"rendered":"https:\/\/meetinginternationaldeforbach.fr\/WP3\/?p=932"},"modified":"2024-07-23T22:21:20","modified_gmt":"2024-07-23T20:21:20","slug":"dimitri-bascou","status":"publish","type":"post","link":"https:\/\/meetinginternationaldeforbach.fr\/WP3\/dimitri-bascou\/","title":{"rendered":"Dimitri BASCOU"},"content":{"rendered":"\n<p><strong><em>Le Meeting International de Forbach, a une nouvelle fois tenue ses promesses Dimanche au Stade du Schlossberg. En effet, les bonnes conditions m\u00e9t\u00e9o et un public chaleureux ont permis \u00e0 certains d\u2019athl\u00e8tes de valider ou s&rsquo;approcher de leurs tickets pour les championnats d\u2019Europe qui auront lieu \u00e0 Zurich en Ao\u00fbt prochain<\/em><\/strong><\/p>\n\n\n\n<figure class=\"wp-block-image size-full\"><img fetchpriority=\"high\" decoding=\"async\" width=\"495\" height=\"292\" src=\"https:\/\/meetinginternationaldeforbach.fr\/WP3\/wp-content\/uploads\/2024\/07\/bascou.jpg\" alt=\"\" class=\"wp-image-933\" srcset=\"https:\/\/meetinginternationaldeforbach.fr\/WP3\/wp-content\/uploads\/2024\/07\/bascou.jpg 495w, https:\/\/meetinginternationaldeforbach.fr\/WP3\/wp-content\/uploads\/2024\/07\/bascou-300x177.jpg 300w\" sizes=\"(max-width: 495px) 100vw, 495px\" \/><\/figure>\n\n\n\n<p>En Lorraine,&nbsp;<strong>Dimitri Bascou<\/strong>&nbsp;a r\u00e9alis\u00e9 le niveau de performance requis pour \u00eatre du voyage \u00e0 Zurich en ao\u00fbt prochain. En 13\u2019\u201939, il s\u2019approche tout pr\u00e8s de son record personnel et signe son retour au plus haut niveau apr\u00e8s une saison 2013 et un hiver 2014 en demi-teinte. La finale l\u2019a vu enfonc\u00e9 le clou en arr\u00eatant le chrono sur 13\u2019\u201939. A cinq centi\u00e8mes de son record personnel, mais surtout en-de\u00e7\u00e0 du niveau de performance requis pour les championnats d\u2019Europe de Zurich. Reste \u00e0 confirmer dans les prochains mois face au contingent de pr\u00e9tendants au maillot tricolore particuli\u00e8rement dense en France.<\/p>\n\n\n\n<p>L\u2019un des autres candidats au voyage en Helv\u00e9tie,&nbsp;<strong>Ladji Doucour\u00e9<\/strong>, n\u2019a pu profiter du sillage de Bascou \u00e0 Forbach, se contentant de 13\u2019\u201999 en finale, apr\u00e8s une s\u00e9rie termin\u00e9e en 13\u2019\u201975.<\/p>\n\n\n\n<p>Sur la m\u00eame piste,&nbsp;<strong>Phara Anacharsis<\/strong>&nbsp;a boucl\u00e9 son 400 m plat en 52\u2019\u201986, tandis que les athl\u00e8tes engag\u00e9s dans les concours ont connu des fortunes diverses.&nbsp;<strong>Jeanine Assani Issouf<\/strong>&nbsp;s\u2019est rapproch\u00e9e de la ligne des 14 m en retombant \u00e0 13,88 m au triple saut. La barri\u00e8re fatidique pourrait bien tomber d\u2019ici les championnats de France.<\/p>\n\n\n\n<p>A la perche,&nbsp;<strong>Kevin Menaldo<\/strong>&nbsp;a connu un jour sans, et n\u2019a pas su ma\u00eetriser le l\u00e9ger vent qui soufflait dans le ciel lorrain. Au final,&nbsp;&nbsp;trois \u00e9checs face \u00e0 une barre plac\u00e9e \u00e0 5,20 m d\u2019altitude. La victoire est donc revenue \u00e0&nbsp;<strong>Axel Chapelle<\/strong>, qui a, avec 5,35, quasiment assur\u00e9 sa place \u00e0 Eugene pour les championnats du monde juniors. Dans le m\u00eame concours,&nbsp;<strong>Kevin Mayer<\/strong>&nbsp;a franchi 5,00 m.<\/p>\n\n\n\n<p>Au marteau,&nbsp;<strong>J\u00e9r\u00f4me Bortoluzzi<\/strong>&nbsp;a propuls\u00e9 son engin \u00e0 75,78 m, soit \u00e0 72 centim\u00e8tres du niveau de performance requis pour voir Zurich en ao\u00fbt. Dans le concours f\u00e9minin, la S\u00e9n\u00e9galaise&nbsp;<strong>Amy Sene<\/strong>&nbsp;a am\u00e9lior\u00e9 le record d\u2019Afrique en lan\u00e7ant \u00e0 69,70 m.<\/p>\n","protected":false},"excerpt":{"rendered":"<p>Le Meeting International de Forbach, a une nouvelle fois tenue ses promesses Dimanche au Stade du Schlossberg. En effet, les bonnes conditions m\u00e9t\u00e9o et un public chaleureux ont permis \u00e0 certains d\u2019athl\u00e8tes de valider ou s&rsquo;approcher de leurs tickets pour les championnats d\u2019Europe qui auront lieu \u00e0 Zurich en Ao\u00fbt prochain En Lorraine,&nbsp;Dimitri Bascou&nbsp;a r\u00e9alis\u00e9 [&hellip;]<\/p>\n","protected":false},"author":2,"featured_media":0,"comment_status":"closed","ping_status":"closed","sticky":false,"template":"","format":"standard","meta":{"footnotes":""},"categories":[8],"tags":[],"class_list":["post-932","post","type-post","status-publish","format-standard","hentry","category-blog-meeting-forbach"],"_links":{"self":[{"href":"https:\/\/meetinginternationaldeforbach.fr\/WP3\/wp-json\/wp\/v2\/posts\/932","targetHints":{"allow":["GET"]}}],"collection":[{"href":"https:\/\/meetinginternationaldeforbach.fr\/WP3\/wp-json\/wp\/v2\/posts"}],"about":[{"href":"https:\/\/meetinginternationaldeforbach.fr\/WP3\/wp-json\/wp\/v2\/types\/post"}],"author":[{"embeddable":true,"href":"https:\/\/meetinginternationaldeforbach.fr\/WP3\/wp-json\/wp\/v2\/users\/2"}],"replies":[{"embeddable":true,"href":"https:\/\/meetinginternationaldeforbach.fr\/WP3\/wp-json\/wp\/v2\/comments?post=932"}],"version-history":[{"count":1,"href":"https:\/\/meetinginternationaldeforbach.fr\/WP3\/wp-json\/wp\/v2\/posts\/932\/revisions"}],"predecessor-version":[{"id":934,"href":"https:\/\/meetinginternationaldeforbach.fr\/WP3\/wp-json\/wp\/v2\/posts\/932\/revisions\/934"}],"wp:attachment":[{"href":"https:\/\/meetinginternationaldeforbach.fr\/WP3\/wp-json\/wp\/v2\/media?parent=932"}],"wp:term":[{"taxonomy":"category","embeddable":true,"href":"https:\/\/meetinginternationaldeforbach.fr\/WP3\/wp-json\/wp\/v2\/categories?post=932"},{"taxonomy":"post_tag","embeddable":true,"href":"https:\/\/meetinginternationaldeforbach.fr\/WP3\/wp-json\/wp\/v2\/tags?post=932"}],"curies":[{"name":"wp","href":"https:\/\/api.w.org\/{rel}","templated":true}]}}